{"id":9866,"date":"2024-01-04T18:29:08","date_gmt":"2024-01-04T18:29:08","guid":{"rendered":"https:\/\/www.habitapucon.cl\/?p=9866"},"modified":"2024-09-07T23:46:03","modified_gmt":"2024-09-07T23:46:03","slug":"se-arrienda-ano-corrido-casita-2-dormitorios-sector-los-cipreses","status":"publish","type":"post","link":"https:\/\/www.habitapucon.cl\/es\/sin-categorizar\/se-arrienda-ano-corrido-casita-2-dormitorios-sector-los-cipreses\/","title":{"rendered":"Se arrienda a\u00f1o corrido  casita 2 dormitorios sector \u00ablos Cipreses \u00ab"},"content":{"rendered":"<p>&nbsp;<\/p>\n<p>Muy linda caba\u00f1a de 70 m2 ubicada en una parcela de 5000 mt2<\/p>\n<p>En el sector de los Cipreses en Puc\u00f3n .<\/p>\n<p>&nbsp;<\/p>\n<p>Muy cercano al centro de la ciudad y al camino internacional, a varios kil\u00f3metros de maravillosos destinos como el lago Caburgua ,los ojos de Caburgua , las termas de Trancura, paseo el Cerduo, hasta el paso para Argentina Maluil Malal .<\/p>\n<p>&nbsp;<\/p>\n<p>Ideal para andar en bicicleta ya que las ciclo v\u00edas van desde el aer\u00f3dromo hasta la entrada de Puc\u00f3n.<\/p>\n<p>&nbsp;<\/p>\n<p>La Caba\u00f1a cuenta con 2 dormitorios c\u00f3modos y un ba\u00f1o completo ,varios estacionamientos ,un port\u00f3n .<\/p>\n<p>la parcela esta completamente cercada.<\/p>\n<p>Solo se acepta una mascota mediana<\/p>\n","protected":false},"excerpt":{"rendered":"<p>&nbsp; Muy linda caba\u00f1a de 70 m2 ubicada en una parcela de 5000 mt2 En el sector de los Cipreses en Puc\u00f3n . &nbsp; Muy cercano al centro de la ciudad y al camino internacional, a varios kil\u00f3metros de maravillosos destinos como el lago Caburgua ,los ojos de Caburgua , las termas de Trancura, paseo [&hellip;]<\/p>\n","protected":false},"author":2,"featured_media":9870,"comment_status":"closed","ping_status":"closed","sticky":false,"template":"","format":"standard","meta":{"_acf_changed":false,"footnotes":""},"categories":[1],"tags":[32],"class_list":["post-9866","post","type-post","status-publish","format-standard","has-post-thumbnail","hentry","category-sin-categorizar","tag-casa-en-parcela"],"acf":[],"_links":{"self":[{"href":"https:\/\/www.habitapucon.cl\/es\/wp-json\/wp\/v2\/posts\/9866","targetHints":{"allow":["GET"]}}],"collection":[{"href":"https:\/\/www.habitapucon.cl\/es\/wp-json\/wp\/v2\/posts"}],"about":[{"href":"https:\/\/www.habitapucon.cl\/es\/wp-json\/wp\/v2\/types\/post"}],"author":[{"embeddable":true,"href":"https:\/\/www.habitapucon.cl\/es\/wp-json\/wp\/v2\/users\/2"}],"replies":[{"embeddable":true,"href":"https:\/\/www.habitapucon.cl\/es\/wp-json\/wp\/v2\/comments?post=9866"}],"version-history":[{"count":0,"href":"https:\/\/www.habitapucon.cl\/es\/wp-json\/wp\/v2\/posts\/9866\/revisions"}],"wp:featuredmedia":[{"embeddable":true,"href":"https:\/\/www.habitapucon.cl\/es\/wp-json\/wp\/v2\/media\/9870"}],"wp:attachment":[{"href":"https:\/\/www.habitapucon.cl\/es\/wp-json\/wp\/v2\/media?parent=9866"}],"wp:term":[{"taxonomy":"category","embeddable":true,"href":"https:\/\/www.habitapucon.cl\/es\/wp-json\/wp\/v2\/categories?post=9866"},{"taxonomy":"post_tag","embeddable":true,"href":"https:\/\/www.habitapucon.cl\/es\/wp-json\/wp\/v2\/tags?post=9866"}],"curies":[{"name":"wp","href":"https:\/\/api.w.org\/{rel}","templated":true}]}}