{"id":8099,"date":"2023-03-22T14:07:18","date_gmt":"2023-03-22T14:07:18","guid":{"rendered":"https:\/\/www.habitapucon.cl\/?p=8099"},"modified":"2024-10-01T15:31:35","modified_gmt":"2024-10-01T15:31:35","slug":"linda-casa-con-dos-cabanas-sector-centrico-de-pucon-a-300-mt-del-lider","status":"publish","type":"post","link":"https:\/\/www.habitapucon.cl\/es\/se-vende\/linda-casa-con-dos-cabanas-sector-centrico-de-pucon-a-300-mt-del-lider\/","title":{"rendered":"Linda casa con dos caba\u00f1as sector centrico de Puc\u00f3n a 300 mt del Lider"},"content":{"rendered":"<p>Linda casa con dos caba\u00f1as sector centrico de Puc\u00f3n a 300 mt del Lider<\/p>\n<p>&nbsp;<\/p>\n<p>En la hermosa y atractiva ciudad de Puc\u00f3n, en venta una c\u00f3moda casa amplia, emplazada en sector residencial a solo 300 m del supermercado Lider , cuenta con dos caba\u00f1as en el mismo sitio, a pasos de centros comerciales, del Lago Villarrica ,de la playa grande; a minutos de un gran Casino y de la Plaza central.<br \/>\nLa Casa cuenta con:<\/p>\n<p>-4 Dormitorios<\/p>\n<p>-2 amplios ba\u00f1os<\/p>\n<ul>\n<li>Living Comedor con Combusti\u00f3n Lenta<\/li>\n<li>-C\u00f3moda cocina totalmente equipada, -refrigerador, lavadora, microonda.<\/li>\n<li>Terraza en la entrada principal<\/li>\n<li>Cuenta con una mediana bodega<\/li>\n<li>un quincho techado.<br \/>\n-Estacionamiento techado para 3 veh\u00edculos.<\/li>\n<li>Total 81m2<\/li>\n<li>Cuenta con recepcion municipal.<\/li>\n<\/ul>\n<p>&nbsp;<\/p>\n<p>&nbsp;<\/p>\n<p>Las dos caba\u00f1as que est\u00e1n en el sitio,estan en un espacio separado a la casa grande.<\/p>\n<p>-Entrada de veh\u00edculos independiente para un veh\u00edculo en cada caba\u00f1a.<\/p>\n<p>Cada Caba\u00f1a cuenta con :<\/p>\n<p>1er. Nivel:<\/p>\n<p>&nbsp;<\/p>\n<ul>\n<li>Living- comedor<\/li>\n<li>Cocina americana muy c\u00f3modas.<\/li>\n<li>Ba\u00f1o completo.<\/li>\n<\/ul>\n<p>2do, nivel:<\/p>\n<ul>\n<li>dos c\u00f3modos dormitorios y otro peque\u00f1o.<\/li>\n<li>Un balc\u00f3n con gran vista al Volc\u00e1n.<\/li>\n<\/ul>\n<p>La Segunda caba\u00f1a, cuenta con las mismas descripci\u00f3nes .<\/p>\n<p>El sitio total mide 401M2.<\/p>\n<p>&nbsp;<\/p>\n<p>&nbsp;<\/p>\n","protected":false},"excerpt":{"rendered":"<p>Linda casa con dos caba\u00f1as sector centrico de Puc\u00f3n a 300 mt del Lider &nbsp; En la hermosa y atractiva ciudad de Puc\u00f3n, en venta una c\u00f3moda casa amplia, emplazada en sector residencial a solo 300 m del supermercado Lider , cuenta con dos caba\u00f1as en el mismo sitio, a pasos de centros comerciales, del [&hellip;]<\/p>\n","protected":false},"author":2,"featured_media":8154,"comment_status":"closed","ping_status":"closed","sticky":false,"template":"","format":"standard","meta":{"_acf_changed":false,"footnotes":""},"categories":[3],"tags":[23],"class_list":["post-8099","post","type-post","status-publish","format-standard","has-post-thumbnail","hentry","category-se-vende","tag-casas"],"acf":[],"_links":{"self":[{"href":"https:\/\/www.habitapucon.cl\/es\/wp-json\/wp\/v2\/posts\/8099","targetHints":{"allow":["GET"]}}],"collection":[{"href":"https:\/\/www.habitapucon.cl\/es\/wp-json\/wp\/v2\/posts"}],"about":[{"href":"https:\/\/www.habitapucon.cl\/es\/wp-json\/wp\/v2\/types\/post"}],"author":[{"embeddable":true,"href":"https:\/\/www.habitapucon.cl\/es\/wp-json\/wp\/v2\/users\/2"}],"replies":[{"embeddable":true,"href":"https:\/\/www.habitapucon.cl\/es\/wp-json\/wp\/v2\/comments?post=8099"}],"version-history":[{"count":0,"href":"https:\/\/www.habitapucon.cl\/es\/wp-json\/wp\/v2\/posts\/8099\/revisions"}],"wp:featuredmedia":[{"embeddable":true,"href":"https:\/\/www.habitapucon.cl\/es\/wp-json\/wp\/v2\/media\/8154"}],"wp:attachment":[{"href":"https:\/\/www.habitapucon.cl\/es\/wp-json\/wp\/v2\/media?parent=8099"}],"wp:term":[{"taxonomy":"category","embeddable":true,"href":"https:\/\/www.habitapucon.cl\/es\/wp-json\/wp\/v2\/categories?post=8099"},{"taxonomy":"post_tag","embeddable":true,"href":"https:\/\/www.habitapucon.cl\/es\/wp-json\/wp\/v2\/tags?post=8099"}],"curies":[{"name":"wp","href":"https:\/\/api.w.org\/{rel}","templated":true}]}}