{"id":11568,"date":"2026-05-30T14:10:31","date_gmt":"2026-05-30T14:10:31","guid":{"rendered":"https:\/\/www.habitapucon.cl\/?p=11568"},"modified":"2026-06-22T16:12:20","modified_gmt":"2026-06-22T16:12:20","slug":"%f0%9f%8c%8a-arriendo-anual-cabana-3d-2b-frente-al-lago-villarrica-playa-privada-800-000-sector-candelaria-krausse","status":"publish","type":"post","link":"https:\/\/www.habitapucon.cl\/es\/sin-categorizar\/%f0%9f%8c%8a-arriendo-anual-cabana-3d-2b-frente-al-lago-villarrica-playa-privada-800-000-sector-candelaria-krausse\/","title":{"rendered":"\ud83c\udf0a Arriendo Anual \u2013 Caba\u00f1a 3D 2B Frente al Lago Villarrica | Playa Privada | $800.000 | Sector Candelaria Krausse"},"content":{"rendered":"<p>Arriendo por a\u00f1o corrido de preciosa caba\u00f1a en $800.000\/mes, ubicada en el Km 4 del camino Puc\u00f3n-Villarrica, sector Candelaria Krausse. Sales desde el jard\u00edn y est\u00e1s directo en la playa del Lago Villarrica. Lote frente a la orilla, con acceso por camino principal y entorno exclusivo.<\/p>\n<p>\u2728 Caracter\u00edsticas de la caba\u00f1a:<br \/>\n3 dormitorios | 2 ba\u00f1os<br \/>\nLiving comedor amplio y luminoso<br \/>\nCocina integrada 100% equipada<br \/>\nTerraza exterior con vista al lago, ideal para desconectarse<br \/>\nAsadera\/BBQ para tus asados<br \/>\nJard\u00edn privado con bajada directa a la playa del lago<br \/>\nWiFi + TV Cable incluidos<\/p>\n<p>Sector residencial, tranquilo . Una oportunidad \u00fanica para vivir todo el a\u00f1o frente al lago, a minutos tanto de Puc\u00f3n como de Villarrica. Buses pasan a unos metros de la residencia , muy facil y practico para mobilizarse.<\/p>\n<p>&nbsp;<\/p>\n","protected":false},"excerpt":{"rendered":"<p>Arriendo por a\u00f1o corrido de preciosa caba\u00f1a en $800.000\/mes, ubicada en el Km 4 del camino Puc\u00f3n-Villarrica, sector Candelaria Krausse. Sales desde el jard\u00edn y est\u00e1s directo en la playa del Lago Villarrica. Lote frente a la orilla, con acceso por camino principal y entorno exclusivo. \u2728 Caracter\u00edsticas de la caba\u00f1a: 3 dormitorios | 2 [&hellip;]<\/p>\n","protected":false},"author":2,"featured_media":11587,"comment_status":"closed","ping_status":"closed","sticky":false,"template":"","format":"standard","meta":{"_acf_changed":false,"footnotes":""},"categories":[1],"tags":[32],"class_list":["post-11568","post","type-post","status-publish","format-standard","has-post-thumbnail","hentry","category-sin-categorizar","tag-casa-en-parcela"],"acf":[],"_links":{"self":[{"href":"https:\/\/www.habitapucon.cl\/es\/wp-json\/wp\/v2\/posts\/11568","targetHints":{"allow":["GET"]}}],"collection":[{"href":"https:\/\/www.habitapucon.cl\/es\/wp-json\/wp\/v2\/posts"}],"about":[{"href":"https:\/\/www.habitapucon.cl\/es\/wp-json\/wp\/v2\/types\/post"}],"author":[{"embeddable":true,"href":"https:\/\/www.habitapucon.cl\/es\/wp-json\/wp\/v2\/users\/2"}],"replies":[{"embeddable":true,"href":"https:\/\/www.habitapucon.cl\/es\/wp-json\/wp\/v2\/comments?post=11568"}],"version-history":[{"count":0,"href":"https:\/\/www.habitapucon.cl\/es\/wp-json\/wp\/v2\/posts\/11568\/revisions"}],"wp:featuredmedia":[{"embeddable":true,"href":"https:\/\/www.habitapucon.cl\/es\/wp-json\/wp\/v2\/media\/11587"}],"wp:attachment":[{"href":"https:\/\/www.habitapucon.cl\/es\/wp-json\/wp\/v2\/media?parent=11568"}],"wp:term":[{"taxonomy":"category","embeddable":true,"href":"https:\/\/www.habitapucon.cl\/es\/wp-json\/wp\/v2\/categories?post=11568"},{"taxonomy":"post_tag","embeddable":true,"href":"https:\/\/www.habitapucon.cl\/es\/wp-json\/wp\/v2\/tags?post=11568"}],"curies":[{"name":"wp","href":"https:\/\/api.w.org\/{rel}","templated":true}]}}