{"id":10249,"date":"2024-03-28T16:17:32","date_gmt":"2024-03-28T16:17:32","guid":{"rendered":"https:\/\/www.habitapucon.cl\/?p=10249"},"modified":"2024-03-28T16:17:32","modified_gmt":"2024-03-28T16:17:32","slug":"se-arrienda-local-en-pucon-boulevard-colo-colo","status":"publish","type":"post","link":"https:\/\/www.habitapucon.cl\/es\/sin-categorizar\/se-arrienda-local-en-pucon-boulevard-colo-colo\/","title":{"rendered":"Se arrienda local en Puc\u00f3n ,Boulevard Col\u00f3 Colo"},"content":{"rendered":"<p>&nbsp;<\/p>\n<p>&nbsp;<\/p>\n<p>&nbsp;<\/p>\n<p>Se arrienda local comercial de 150m2, en sector central de Puc\u00f3n, excelente ubicaci\u00f3n muy tur\u00edstico, ubicado en 2do. Nivel\u00a0 (esquina) en atractivo Boulevard frente al camino principal.<\/p>\n<p>El boulevard tiene mucho flujo de clientes de todas categor\u00edas ,esta ya instalada la famosa panader\u00eda francesa \u201cLe Lat\u00edn\u201d,la farmacia \u201cSalcobrand \u201c,el rico caf\u00e9 \u201cMad Goat\u201d,el centro de p\u00edlate \u201cCaya\u201d,tiendas de ropa, ,jugueter\u00eda \u2026<\/p>\n<p>Cuenta con una terraza lateral, con vista panor\u00e1mica a las calles principales.<\/p>\n<p>.<br \/>\nCon amplio espacio interior ,tiene unos ventanales al lado lateral con vista al camino internacional y con vista frontal panor\u00e1mica a calle muy transitado hacia la playa grande otros ventanales hacia el estacionamientos para clientes.<br \/>\nEl Local tiene 4 amplios ba\u00f1os, 2 para clientes y 2 para el personal.<br \/>\nCuenta con entrada principal al local y una entrada lateral para el personal.<br \/>\nOtro espacio que funciona para oficina.<\/p>\n<p>&nbsp;<\/p>\n","protected":false},"excerpt":{"rendered":"<p>&nbsp; &nbsp; &nbsp; Se arrienda local comercial de 150m2, en sector central de Puc\u00f3n, excelente ubicaci\u00f3n muy tur\u00edstico, ubicado en 2do. Nivel\u00a0 (esquina) en atractivo Boulevard frente al camino principal. El boulevard tiene mucho flujo de clientes de todas categor\u00edas ,esta ya instalada la famosa panader\u00eda francesa \u201cLe Lat\u00edn\u201d,la farmacia \u201cSalcobrand \u201c,el rico caf\u00e9 \u201cMad [&hellip;]<\/p>\n","protected":false},"author":2,"featured_media":10286,"comment_status":"closed","ping_status":"closed","sticky":false,"template":"","format":"standard","meta":{"_acf_changed":false,"footnotes":""},"categories":[1],"tags":[52],"class_list":["post-10249","post","type-post","status-publish","format-standard","has-post-thumbnail","hentry","category-sin-categorizar","tag-local-comercial"],"acf":[],"_links":{"self":[{"href":"https:\/\/www.habitapucon.cl\/es\/wp-json\/wp\/v2\/posts\/10249","targetHints":{"allow":["GET"]}}],"collection":[{"href":"https:\/\/www.habitapucon.cl\/es\/wp-json\/wp\/v2\/posts"}],"about":[{"href":"https:\/\/www.habitapucon.cl\/es\/wp-json\/wp\/v2\/types\/post"}],"author":[{"embeddable":true,"href":"https:\/\/www.habitapucon.cl\/es\/wp-json\/wp\/v2\/users\/2"}],"replies":[{"embeddable":true,"href":"https:\/\/www.habitapucon.cl\/es\/wp-json\/wp\/v2\/comments?post=10249"}],"version-history":[{"count":0,"href":"https:\/\/www.habitapucon.cl\/es\/wp-json\/wp\/v2\/posts\/10249\/revisions"}],"wp:featuredmedia":[{"embeddable":true,"href":"https:\/\/www.habitapucon.cl\/es\/wp-json\/wp\/v2\/media\/10286"}],"wp:attachment":[{"href":"https:\/\/www.habitapucon.cl\/es\/wp-json\/wp\/v2\/media?parent=10249"}],"wp:term":[{"taxonomy":"category","embeddable":true,"href":"https:\/\/www.habitapucon.cl\/es\/wp-json\/wp\/v2\/categories?post=10249"},{"taxonomy":"post_tag","embeddable":true,"href":"https:\/\/www.habitapucon.cl\/es\/wp-json\/wp\/v2\/tags?post=10249"}],"curies":[{"name":"wp","href":"https:\/\/api.w.org\/{rel}","templated":true}]}}